{"id":2821,"date":"2025-11-22T08:51:03","date_gmt":"2025-11-22T07:51:03","guid":{"rendered":"https:\/\/www.miradasafroindigenas.com\/?p=2821"},"modified":"2025-11-22T08:54:40","modified_gmt":"2025-11-22T07:54:40","slug":"el-festival-internacional-de-cine-de-realidad-de-canarias-sube-el-telon-en-la-sala-timanfaya","status":"publish","type":"post","link":"https:\/\/www.miradasafroindigenas.com\/en\/noticias\/el-festival-internacional-de-cine-de-realidad-de-canarias-sube-el-telon-en-la-sala-timanfaya\/","title":{"rendered":"El Festival Internacional de Cine de Realidad de Canarias sube el tel\u00f3n en la sala Timanfaya"},"content":{"rendered":"\t\t<div data-elementor-type=\"wp-post\" data-elementor-id=\"2821\" class=\"elementor elementor-2821\" data-elementor-post-type=\"post\">\n\t\t\t\t<div class=\"elementor-element elementor-element-42848119 e-flex e-con-boxed e-con e-parent\" data-id=\"42848119\" data-element_type=\"container\">\n\t\t\t\t\t<div class=\"e-con-inner\">\n\t\t\t\t<div class=\"elementor-element elementor-element-15885517 elementor-widget elementor-widget-text-editor\" data-id=\"15885517\" data-element_type=\"widget\" data-widget_type=\"text-editor.default\">\n\t\t\t\t\t\t\t\t\t<h4><em>El p\u00fablico est\u00e1 invitado a participar en las proyecciones y encuentros con cineastas del 22 al 29 de septiembre en Puerto de la Cruz<\/em><\/h4><p align=\"LEFT\"><span style=\"color: #212121;\"><span style=\"font-family: Arial, sans-serif;\"><span style=\"font-size: large;\">El Festival Internacional de Cine de Realidad de Canarias Miradas Afroind\u00edgenas sube el tel\u00f3n en la sala Timanfaya en Puerto de la Cruz este s\u00e1bado, 22 de noviembre desde las 12.00 horas. El p\u00fablico est\u00e1 invitado a participar en las proyecciones y encuentros con cineastas del 22 al 29 de noviembre. Para acceder a las proyecciones es necesario comprar entradas <\/span><\/span><\/span><span style=\"font-family: Arial, sans-serif;\"><span style=\"font-size: large;\"><a href=\"https:\/\/tickety.es\/grouping-event\/miradas-afroindigenas-festival-internacional-de-cine-de-realidad-de-canarias\" target=\"_blank\" rel=\"noopener\">en la p\u00e1gina web del festival<\/a>, <\/span><\/span><span style=\"color: #212121;\"><span style=\"font-family: Arial, sans-serif;\"><span style=\"font-size: large;\">mientras que, para la participaci\u00f3n en las conversaciones con directores y directoras, el acceso es libre hasta completar el aforo.<\/span><\/span><\/span><\/p><p align=\"LEFT\"><span style=\"font-family: Arial, sans-serif;\"><span style=\"font-size: large;\"><span style=\"color: #212121;\">Miradas Afroind\u00edgenas naci\u00f3 hace cinco a\u00f1os como una \u201cincubadora de proyectos, entre Rep\u00fablica Dominicana y Canarias para dar una oportunidad al talento que hay en el sur\u201d, explica el director del festival, el cineasta David Baute. Desde esa incubadora se ha llegado a este programa, que incluye festival y mercado internacional. \u201cBuscamos una mirada especial en pel\u00edculas que es complicado ver y el festival es uno de esos espacios ideales para llegar al p\u00fablico\u201d. <\/span><\/span><\/span><\/p><p align=\"LEFT\"><span style=\"font-family: Arial, sans-serif;\"><span style=\"font-size: large;\"><span style=\"color: #212121;\">Las pel\u00edculas que forman parte de la secci\u00f3n oficial han sido seleccionadas por festivales de Latinoam\u00e9rica y \u00c1frica: DocMX (M\u00e9xico), DocSP (Brasil), FIDOCS (Chile), FICI (Colombia), los festivales de cine africano de Agadir y de Sud\u00e1frica y Zinebi (Bilbao); \u201ca partir de la alianza que hemos construido con ellos, generamos una programaci\u00f3n de cine de realidad, de cine autoral y creativo\u201d, apunta Baute. \u201cHemos trabajado conjuntamente para hacer esta selecci\u00f3n, en la que lo que m\u00e1s se valora es el cuidado de lo est\u00e9tico y el guion, porque en el cine de realidad se busca no solo una tem\u00e1tica concreta, sino que el planteamiento de contenidos est\u00e9 cuidado, que la pel\u00edcula tenga otras capas a nivel est\u00e9tico, que proporcione al espectador una experiencia est\u00e9tica\u201d. <\/span><\/span><\/span><\/p><p align=\"LEFT\"><span style=\"font-family: Arial, sans-serif;\"><span style=\"font-size: large;\"><span style=\"color: #212121;\">Por su parte, la concejala de Cultura de Puerto de la Cruz, Desir\u00e9 D\u00edaz, resalta \u201cel enorme valor que el Festival de Cine de Realidad de Canarias Miradas Afroind\u00edgenas aporta tanto al \u00e1mbito cultural como a la industria audiovisual del archipi\u00e9lago. Este festival abre puertas, genera oportunidades y ofrece un espacio de reflexi\u00f3n, creatividad y crecimiento para profesionales y p\u00fablico\u201d. \u201cEste encuentro viene a enriquecer y completar el programa cultural anual de Puerto de la Cruz, integr\u00e1ndose en el cat\u00e1logo de festivales y acciones culturales de gran calado que caracterizan a nuestra ciudad y que se desarrollan a lo largo del a\u00f1o, junto a propuestas tan consolidadas\u201d, a\u00f1ade D\u00edaz. <\/span><\/span><\/span><\/p><p align=\"LEFT\"><span style=\"font-family: Arial, sans-serif;\"><span style=\"font-size: large;\"><span style=\"color: #212121;\"><b>Primer fin de semana<\/b><\/span><\/span><\/span><\/p><p align=\"LEFT\"><span style=\"font-family: Arial, sans-serif;\"><span style=\"font-size: large;\"><span style=\"color: #212121;\">El primer fin de semana comienza a las 12.00 con la proyecci\u00f3n de una de las pel\u00edculas de la secci\u00f3n oficial <\/span><span style=\"color: #212121;\"><i>Miguel Vel\u00e1zquez, el catedr\u00e1tico del ring<\/i><\/span><span style=\"color: #212121;\">, de David C\u00e1novas (119\u2019 \/ 2024 \/ Espa\u00f1a), la historia del c\u00e9lebre p\u00fagil tinerfe\u00f1o que compite en la secci\u00f3n D. O. Canarias. Le sigue la actividad \u201cCaf\u00e9 con Georgina Higueras\u201d, a las 16.00 h, en el Mombasa Chillout Bar (calle San Juan, 20), donde el periodista portuense Juan Carlos Casta\u00f1eda mantendr\u00e1 un di\u00e1logo en vivo con la pionera de las corresponsales de guerra en Espa\u00f1a Georgina Higueras, que este a\u00f1o recibe el premio Visi\u00f3n L\u00facida que el festival concede a mujeres reporteras de guerra. <\/span><\/span><\/span><\/p><p align=\"LEFT\"><span style=\"font-family: Arial, sans-serif;\"><span style=\"font-size: large;\"><span style=\"color: #212121;\">A las 17.00 se proyecta <\/span><span style=\"color: #212121;\"><i>Bajo las banderas, el sol<\/i><\/span><span style=\"color: #212121;\"> (90&#8242; \/ 2025 \/ Paraguay), de Juanjo Pereira. El director utiliza un archivo de im\u00e1genes de 120 horas para reconstruir la historia de una de las dictaduras m\u00e1s duraderas del siglo XX, la de Stroessner en Paraguay, cuyos efectos a\u00fan se dejan sentir.<\/span><\/span><\/span><\/p><p align=\"LEFT\"><span style=\"font-family: Arial, sans-serif;\"><span style=\"font-size: large;\"><span style=\"color: #212121;\">La inauguraci\u00f3n del festival, a partir de las 19.30, entrega a Higueras el premio Visi\u00f3n L\u00facida y a la cineasta chilena Maite Alberdi, el premio Narrativa Personal, que el festival entrega a autores a los que reconoce por su trayectoria en la creaci\u00f3n de un cine de realidad con una propuesta narrativa propia. <\/span><\/span><\/span><\/p><p align=\"LEFT\"><span style=\"font-family: Arial, sans-serif;\"><span style=\"font-size: large;\"><span style=\"color: #212121;\">La gala incluye la proyecci\u00f3n de <\/span><span style=\"color: #212121;\"><i>El agente topo <\/i><\/span><span style=\"color: #212121;\">(84\u2019 \/ 2020 \/ Espa\u00f1a, Alemania, Pa\u00edses Bajos, Chile, Estados Unidos),<\/span><span style=\"color: #212121;\"> de Alberdi, una <\/span><span style=\"color: #212121;\">historia protagonizada por un viudo de 83 a\u00f1os <\/span><span style=\"color: #212121;\">que se introduce en una residencia de mayores para investigar la salud de una interna, contratado por un detective. Inevitablemente, se involucra en la vida de las personas residentes mientras sus dotes como esp\u00eda se resienten. \u201cEs una suerte poder contar con Maite Alberdi en Puerto de la Cruz, esta cineasta chilena que ha sido premiada en todos los grandes festivales, en San Sebasti\u00e1n, Berl\u00edn<\/span><span style=\"color: #212121;\">, Sundance\u2026<\/span><span style=\"color: #212121;\">, que ha sido nominada a los \u00d3scar&#8230; y que tiene una obra muy especial\u201d, subraya Baute.<\/span><\/span><\/span><\/p><p align=\"LEFT\"><span style=\"font-family: Arial, sans-serif;\"><span style=\"font-size: large;\"><span style=\"color: #212121;\">El domingo 23 comienza a las 12.00 con <\/span><span style=\"color: #212121;\"><i>Morichales<\/i><\/span><span style=\"color: #212121;\">, de Chris Gude (83\u2019 \/ 2024 \/ Colombia), <\/span><span style=\"color: #212121;\">que se estrena <\/span><span style=\"color: #212121;\">en Canarias, sobre la relaci\u00f3n entre la miner\u00eda extractiva y la naturaleza en la explotaci\u00f3n de oro en la Guayana venezolana. La pel\u00edcula dar\u00e1 paso a <\/span><span style=\"color: #212121;\">Maite Alberdi, que protagoniza el resto de la programaci\u00f3n de ese d\u00eda. <\/span><\/span><\/span><\/p><p align=\"LEFT\"><span style=\"font-family: Arial, sans-serif;\"><span style=\"font-size: large;\"><span style=\"color: #212121;\">La muestra dedicada a Alberdi se completa el domingo 23, con la presentaci\u00f3n de <\/span><span style=\"color: #212121;\"><i>La once<\/i><\/span><span style=\"color: #212121;\"> (70\u2019 \/ Chile \/ 2014), a las 17.00, y de <\/span><span style=\"color: #212121;\"><i>La memoria infinita<\/i><\/span><span style=\"color: #212121;\"> (2023), a las 21.00. A las 19.00, entre ambas proyecciones, la directora reflexionar\u00e1 con el periodista y cr\u00edtico cinematogr\u00e1fico Javier Tolentino sobre la relaci\u00f3n del cine de no ficci\u00f3n con la realidad, en un \u00e1mbito que invita a cuestionar sus leyes, contornos y convenciones. <\/span><span style=\"color: #212121;\"><i>La once <\/i><\/span><span style=\"color: #212121;\">presenta a cinco mujeres chilenas de avanzada edad, amigas de Teresa, abuela de la cineasta. El grupo se re\u00fane una vez al mes desde hace 60 a\u00f1os para tomar el t\u00e9. <\/span><span style=\"color: #212121;\"><i>La memoria infinita<\/i><\/span><span style=\"color: #212121;\"> da cuenta de la estrategia basada en el humor y la ternura que desarrolla una pareja unida desde hace 25 a\u00f1os desde que, hace ocho, \u00e9l est\u00e1 afectado por el alzh\u00e9imer.<\/span><\/span><\/span><\/p>\t\t\t\t\t\t\t\t<\/div>\n\t\t\t\t\t<\/div>\n\t\t\t\t<\/div>\n\t\t\t\t<\/div>\n\t\t","protected":false},"excerpt":{"rendered":"<p>El p\u00fablico est\u00e1 invitado a participar en las proyecciones y encuentros con cineastas del 22 al 29 de septiembre en [&hellip;]<\/p>\n","protected":false},"author":4,"featured_media":2048,"comment_status":"closed","ping_status":"closed","sticky":false,"template":"","format":"standard","meta":{"_acf_changed":false,"site-sidebar-layout":"default","site-content-layout":"","ast-site-content-layout":"default","site-content-style":"default","site-sidebar-style":"default","ast-global-header-display":"","ast-banner-title-visibility":"","ast-main-header-display":"","ast-hfb-above-header-display":"","ast-hfb-below-header-display":"","ast-hfb-mobile-header-display":"","site-post-title":"","ast-breadcrumbs-content":"","ast-featured-img":"","footer-sml-layout":"","theme-transparent-header-meta":"","adv-header-id-meta":"","stick-header-meta":"","header-above-stick-meta":"","header-main-stick-meta":"","header-below-stick-meta":"","astra-migrate-meta-layouts":"default","ast-page-background-enabled":"default","ast-page-background-meta":{"desktop":{"background-color":"var(--ast-global-color-5)","background-image":"","background-repeat":"repeat","background-position":"center center","background-size":"auto","background-attachment":"scroll","background-type":"","background-media":"","overlay-type":"","overlay-color":"","overlay-opacity":"","overlay-gradient":""},"tablet":{"background-color":"","background-image":"","background-repeat":"repeat","background-position":"center center","background-size":"auto","background-attachment":"scroll","background-type":"","background-media":"","overlay-type":"","overlay-color":"","overlay-opacity":"","overlay-gradient":""},"mobile":{"background-color":"","background-image":"","background-repeat":"repeat","background-position":"center center","background-size":"auto","background-attachment":"scroll","background-type":"","background-media":"","overlay-type":"","overlay-color":"","overlay-opacity":"","overlay-gradient":""}},"ast-content-background-meta":{"desktop":{"background-color":"var(--ast-global-color-4)","background-image":"","background-repeat":"repeat","background-position":"center center","background-size":"auto","background-attachment":"scroll","background-type":"","background-media":"","overlay-type":"","overlay-color":"","overlay-opacity":"","overlay-gradient":""},"tablet":{"background-color":"var(--ast-global-color-4)","background-image":"","background-repeat":"repeat","background-position":"center center","background-size":"auto","background-attachment":"scroll","background-type":"","background-media":"","overlay-type":"","overlay-color":"","overlay-opacity":"","overlay-gradient":""},"mobile":{"background-color":"var(--ast-global-color-4)","background-image":"","background-repeat":"repeat","background-position":"center center","background-size":"auto","background-attachment":"scroll","background-type":"","background-media":"","overlay-type":"","overlay-color":"","overlay-opacity":"","overlay-gradient":""}},"footnotes":""},"categories":[13],"tags":[],"class_list":["post-2821","post","type-post","status-publish","format-standard","has-post-thumbnail","hentry","category-noticias"],"acf":[],"_links":{"self":[{"href":"https:\/\/www.miradasafroindigenas.com\/en\/wp-json\/wp\/v2\/posts\/2821","targetHints":{"allow":["GET"]}}],"collection":[{"href":"https:\/\/www.miradasafroindigenas.com\/en\/wp-json\/wp\/v2\/posts"}],"about":[{"href":"https:\/\/www.miradasafroindigenas.com\/en\/wp-json\/wp\/v2\/types\/post"}],"author":[{"embeddable":true,"href":"https:\/\/www.miradasafroindigenas.com\/en\/wp-json\/wp\/v2\/users\/4"}],"replies":[{"embeddable":true,"href":"https:\/\/www.miradasafroindigenas.com\/en\/wp-json\/wp\/v2\/comments?post=2821"}],"version-history":[{"count":4,"href":"https:\/\/www.miradasafroindigenas.com\/en\/wp-json\/wp\/v2\/posts\/2821\/revisions"}],"predecessor-version":[{"id":2825,"href":"https:\/\/www.miradasafroindigenas.com\/en\/wp-json\/wp\/v2\/posts\/2821\/revisions\/2825"}],"wp:featuredmedia":[{"embeddable":true,"href":"https:\/\/www.miradasafroindigenas.com\/en\/wp-json\/wp\/v2\/media\/2048"}],"wp:attachment":[{"href":"https:\/\/www.miradasafroindigenas.com\/en\/wp-json\/wp\/v2\/media?parent=2821"}],"wp:term":[{"taxonomy":"category","embeddable":true,"href":"https:\/\/www.miradasafroindigenas.com\/en\/wp-json\/wp\/v2\/categories?post=2821"},{"taxonomy":"post_tag","embeddable":true,"href":"https:\/\/www.miradasafroindigenas.com\/en\/wp-json\/wp\/v2\/tags?post=2821"}],"curies":[{"name":"wp","href":"https:\/\/api.w.org\/{rel}","templated":true}]}}